{"id":1309,"date":"2017-03-16T20:34:33","date_gmt":"2017-03-16T19:34:33","guid":{"rendered":"http:\/\/nordiska.fhsk.se\/ordbild\/?p=1309"},"modified":"2017-06-20T22:11:37","modified_gmt":"2017-06-20T20:11:37","slug":"gibca-extended","status":"publish","type":"post","link":"https:\/\/nordiska.fhsk.se\/ordbild\/gibca-extended\/","title":{"rendered":"Gibca Extended"},"content":{"rendered":"<p>G\u00f6teborgs internationella konstbiennal h\u00f6sten 2017 planeras f\u00f6r fullt, och Text &amp; Bild medverkar i \u00e5r igen! GIBCA \u00e4r en stor konstutst\u00e4llning vartannat \u00e5r som f\u00f6rgrenar sig ut \u00f6ver hela staden och GIBCA Extended inf\u00f6rlivar lokala och regionala akt\u00f6rer. 2015 deltog Text &amp; Bilds kursdeltagare med egenh\u00e4ndigt skrivna texter., vilka uppf\u00f6rdes under invigningen p\u00e5 teckenspr\u00e5k.\u00a0<a href=\"http:\/\/www.gibca.se\/index.php\/sv\/gibca-extended\/om-extended\">L\u00e4s mer om GIBCA h\u00e4r.<\/a><\/p>\n","protected":false},"excerpt":{"rendered":"<p>G\u00f6teborgs internationella konstbiennal h\u00f6sten 2017 planeras f\u00f6r fullt, och Text &amp; Bild medverkar i \u00e5r igen! GIBCA \u00e4r en stor konstutst\u00e4llning vartannat \u00e5r som f\u00f6rgrenar sig ut \u00f6ver hela staden och GIBCA Extended inf\u00f6rlivar lokala och regionala akt\u00f6rer. 2015 deltog Text &amp; Bilds kursdeltagare med egenh\u00e4ndigt skrivna texter., vilka uppf\u00f6rdes under invigningen p\u00e5 teckenspr\u00e5k.\u00a0L\u00e4s mer [&hellip;]<\/p>\n","protected":false},"author":15,"featured_media":0,"comment_status":"closed","ping_status":"closed","sticky":false,"template":"","format":"standard","meta":{"_exactmetrics_skip_tracking":false,"_exactmetrics_sitenote_active":false,"_exactmetrics_sitenote_note":"","_exactmetrics_sitenote_category":0,"footnotes":""},"class_list":["post-1309","post","type-post","status-publish","format-standard","hentry"],"acf":[],"_links":{"self":[{"href":"https:\/\/nordiska.fhsk.se\/ordbild\/wp-json\/wp\/v2\/posts\/1309","targetHints":{"allow":["GET"]}}],"collection":[{"href":"https:\/\/nordiska.fhsk.se\/ordbild\/wp-json\/wp\/v2\/posts"}],"about":[{"href":"https:\/\/nordiska.fhsk.se\/ordbild\/wp-json\/wp\/v2\/types\/post"}],"author":[{"embeddable":true,"href":"https:\/\/nordiska.fhsk.se\/ordbild\/wp-json\/wp\/v2\/users\/15"}],"replies":[{"embeddable":true,"href":"https:\/\/nordiska.fhsk.se\/ordbild\/wp-json\/wp\/v2\/comments?post=1309"}],"version-history":[{"count":3,"href":"https:\/\/nordiska.fhsk.se\/ordbild\/wp-json\/wp\/v2\/posts\/1309\/revisions"}],"predecessor-version":[{"id":1751,"href":"https:\/\/nordiska.fhsk.se\/ordbild\/wp-json\/wp\/v2\/posts\/1309\/revisions\/1751"}],"wp:attachment":[{"href":"https:\/\/nordiska.fhsk.se\/ordbild\/wp-json\/wp\/v2\/media?parent=1309"}],"curies":[{"name":"wp","href":"https:\/\/api.w.org\/{rel}","templated":true}]}}